{"id":460655,"date":"2023-09-03T08:51:45","date_gmt":"2023-09-03T08:51:45","guid":{"rendered":"https:\/\/ente.nu\/?p=460655"},"modified":"2023-09-21T08:52:01","modified_gmt":"2023-09-21T08:52:01","slug":"sangtekst-for-kjell-vidars-puff-den-lille-dragen","status":"publish","type":"post","link":"https:\/\/ente.nu\/no\/blogg-no\/sangtekst-for-kjell-vidars-puff-den-lille-dragen\/","title":{"rendered":"Sangtekst for Kjell Vidars &laquo;Puff, den lille dragen&raquo;"},"content":{"rendered":"\n<p class=\"wp-block-paragraph\">Dette er en annen kjent norsk barnesang som handler om eventyrene til en liten drage ved navn Puff. Sangen er b\u00e5de underholdende og l\u00e6rerik, og den er spesielt popul\u00e6r blant yngre barn.<\/p>\n","protected":false},"excerpt":{"rendered":"<p>Dette er en annen kjent norsk barnesang som handler om eventyrene til en liten drage ved navn Puff. Sangen er b\u00e5de underholdende og l\u00e6rerik, og den er spesielt popul\u00e6r blant yngre barn.<\/p>\n","protected":false},"author":1,"featured_media":0,"comment_status":"open","ping_status":"open","sticky":false,"template":"","format":"standard","meta":{"footnotes":""},"categories":[226],"tags":[],"class_list":["post-460655","post","type-post","status-publish","format-standard","category-blogg-no"],"yoast_head":"<!-- This site is optimized with the Yoast SEO plugin v28.4 - https:\/\/yoast.com\/product\/yoast-seo-wordpress\/ -->\n<title>Sangtekst for Kjell Vidars &quot;Puff, den lille dragen&quot; - Ente<\/title>\n<meta name=\"robots\" content=\"index, follow, max-snippet:-1, max-image-preview:large, max-video-preview:-1\" \/>\n<link rel=\"canonical\" href=\"https:\/\/ente.nu\/no\/blogg-no\/sangtekst-for-kjell-vidars-puff-den-lille-dragen\/\" \/>\n<meta property=\"og:locale\" content=\"nb_NO\" \/>\n<meta property=\"og:type\" content=\"article\" \/>\n<meta property=\"og:title\" content=\"Sangtekst for Kjell Vidars &quot;Puff, den lille dragen&quot; - Ente\" \/>\n<meta property=\"og:description\" content=\"Dette er en annen kjent norsk barnesang som handler om eventyrene til en liten drage ved navn Puff. Sangen er b\u00e5de underholdende og l\u00e6rerik, og den er spesielt popul\u00e6r blant yngre barn.\" \/>\n<meta property=\"og:url\" content=\"https:\/\/ente.nu\/no\/blogg-no\/sangtekst-for-kjell-vidars-puff-den-lille-dragen\/\" \/>\n<meta property=\"og:site_name\" content=\"Ente\" \/>\n<meta property=\"article:published_time\" content=\"2023-09-03T08:51:45+00:00\" \/>\n<meta property=\"article:modified_time\" content=\"2023-09-21T08:52:01+00:00\" \/>\n<meta name=\"author\" content=\"Jimmy Lindgren\" \/>\n<meta name=\"twitter:card\" content=\"summary_large_image\" \/>\n<meta name=\"twitter:label1\" content=\"Skrevet av\" \/>\n\t<meta name=\"twitter:data1\" content=\"Jimmy Lindgren\" \/>\n\t<meta name=\"twitter:label2\" content=\"Ansl. lesetid\" \/>\n\t<meta name=\"twitter:data2\" content=\"1 minutt\" \/>\n<script type=\"application\/ld+json\" class=\"yoast-schema-graph\">{\"@context\":\"https:\\\/\\\/schema.org\",\"@graph\":[{\"@type\":\"Article\",\"@id\":\"https:\\\/\\\/ente.nu\\\/no\\\/blogg-no\\\/sangtekst-for-kjell-vidars-puff-den-lille-dragen\\\/#article\",\"isPartOf\":{\"@id\":\"https:\\\/\\\/ente.nu\\\/no\\\/blogg-no\\\/sangtekst-for-kjell-vidars-puff-den-lille-dragen\\\/\"},\"author\":{\"name\":\"Jimmy Lindgren\",\"@id\":\"https:\\\/\\\/ente.nu\\\/fi\\\/#\\\/schema\\\/person\\\/9fc7fcd6def8b7b6b5d0782ed2ba334a\"},\"headline\":\"Sangtekst for Kjell Vidars &laquo;Puff, den lille dragen&raquo;\",\"datePublished\":\"2023-09-03T08:51:45+00:00\",\"dateModified\":\"2023-09-21T08:52:01+00:00\",\"mainEntityOfPage\":{\"@id\":\"https:\\\/\\\/ente.nu\\\/no\\\/blogg-no\\\/sangtekst-for-kjell-vidars-puff-den-lille-dragen\\\/\"},\"wordCount\":43,\"commentCount\":0,\"articleSection\":[\"Blogg\"],\"inLanguage\":\"nb-NO\",\"potentialAction\":[{\"@type\":\"CommentAction\",\"name\":\"Comment\",\"target\":[\"https:\\\/\\\/ente.nu\\\/no\\\/blogg-no\\\/sangtekst-for-kjell-vidars-puff-den-lille-dragen\\\/#respond\"]}]},{\"@type\":\"WebPage\",\"@id\":\"https:\\\/\\\/ente.nu\\\/no\\\/blogg-no\\\/sangtekst-for-kjell-vidars-puff-den-lille-dragen\\\/\",\"url\":\"https:\\\/\\\/ente.nu\\\/no\\\/blogg-no\\\/sangtekst-for-kjell-vidars-puff-den-lille-dragen\\\/\",\"name\":\"Sangtekst for Kjell Vidars \\\"Puff, den lille dragen\\\" - Ente\",\"isPartOf\":{\"@id\":\"https:\\\/\\\/ente.nu\\\/fi\\\/#website\"},\"datePublished\":\"2023-09-03T08:51:45+00:00\",\"dateModified\":\"2023-09-21T08:52:01+00:00\",\"author\":{\"@id\":\"https:\\\/\\\/ente.nu\\\/fi\\\/#\\\/schema\\\/person\\\/9fc7fcd6def8b7b6b5d0782ed2ba334a\"},\"breadcrumb\":{\"@id\":\"https:\\\/\\\/ente.nu\\\/no\\\/blogg-no\\\/sangtekst-for-kjell-vidars-puff-den-lille-dragen\\\/#breadcrumb\"},\"inLanguage\":\"nb-NO\",\"potentialAction\":[{\"@type\":\"ReadAction\",\"target\":[\"https:\\\/\\\/ente.nu\\\/no\\\/blogg-no\\\/sangtekst-for-kjell-vidars-puff-den-lille-dragen\\\/\"]}]},{\"@type\":\"BreadcrumbList\",\"@id\":\"https:\\\/\\\/ente.nu\\\/no\\\/blogg-no\\\/sangtekst-for-kjell-vidars-puff-den-lille-dragen\\\/#breadcrumb\",\"itemListElement\":[{\"@type\":\"ListItem\",\"position\":1,\"name\":\"Hem\",\"item\":\"https:\\\/\\\/ente.nu\\\/no\\\/nyheter-i-igaming-casino-verdenen\\\/\"},{\"@type\":\"ListItem\",\"position\":2,\"name\":\"Sangtekst for Kjell Vidars &laquo;Puff, den lille dragen&raquo;\"}]},{\"@type\":\"WebSite\",\"@id\":\"https:\\\/\\\/ente.nu\\\/fi\\\/#website\",\"url\":\"https:\\\/\\\/ente.nu\\\/fi\\\/\",\"name\":\"Ente\",\"description\":\"\",\"potentialAction\":[{\"@type\":\"SearchAction\",\"target\":{\"@type\":\"EntryPoint\",\"urlTemplate\":\"https:\\\/\\\/ente.nu\\\/fi\\\/?s={search_term_string}\"},\"query-input\":{\"@type\":\"PropertyValueSpecification\",\"valueRequired\":true,\"valueName\":\"search_term_string\"}}],\"inLanguage\":\"nb-NO\"},{\"@type\":\"Person\",\"@id\":\"https:\\\/\\\/ente.nu\\\/fi\\\/#\\\/schema\\\/person\\\/9fc7fcd6def8b7b6b5d0782ed2ba334a\",\"name\":\"Jimmy Lindgren\",\"image\":{\"@type\":\"ImageObject\",\"inLanguage\":\"nb-NO\",\"@id\":\"https:\\\/\\\/secure.gravatar.com\\\/avatar\\\/a94ed623061869cbd8aa4e305e7fda620d18ffd612bc94c7864803e0a6ae4501?s=96&d=mm&r=g\",\"url\":\"https:\\\/\\\/secure.gravatar.com\\\/avatar\\\/a94ed623061869cbd8aa4e305e7fda620d18ffd612bc94c7864803e0a6ae4501?s=96&d=mm&r=g\",\"contentUrl\":\"https:\\\/\\\/secure.gravatar.com\\\/avatar\\\/a94ed623061869cbd8aa4e305e7fda620d18ffd612bc94c7864803e0a6ae4501?s=96&d=mm&r=g\",\"caption\":\"Jimmy Lindgren\"},\"sameAs\":[\"http:\\\/\\\/ente.nu\"],\"url\":\"https:\\\/\\\/ente.nu\\\/no\\\/author\\\/ente\\\/\"}]}<\/script>\n<!-- \/ Yoast SEO plugin. -->","yoast_head_json":{"title":"Sangtekst for Kjell Vidars \"Puff, den lille dragen\" - Ente","robots":{"index":"index","follow":"follow","max-snippet":"max-snippet:-1","max-image-preview":"max-image-preview:large","max-video-preview":"max-video-preview:-1"},"canonical":"https:\/\/ente.nu\/no\/blogg-no\/sangtekst-for-kjell-vidars-puff-den-lille-dragen\/","og_locale":"nb_NO","og_type":"article","og_title":"Sangtekst for Kjell Vidars \"Puff, den lille dragen\" - Ente","og_description":"Dette er en annen kjent norsk barnesang som handler om eventyrene til en liten drage ved navn Puff. Sangen er b\u00e5de underholdende og l\u00e6rerik, og den er spesielt popul\u00e6r blant yngre barn.","og_url":"https:\/\/ente.nu\/no\/blogg-no\/sangtekst-for-kjell-vidars-puff-den-lille-dragen\/","og_site_name":"Ente","article_published_time":"2023-09-03T08:51:45+00:00","article_modified_time":"2023-09-21T08:52:01+00:00","author":"Jimmy Lindgren","twitter_card":"summary_large_image","twitter_misc":{"Skrevet av":"Jimmy Lindgren","Ansl. lesetid":"1 minutt"},"schema":{"@context":"https:\/\/schema.org","@graph":[{"@type":"Article","@id":"https:\/\/ente.nu\/no\/blogg-no\/sangtekst-for-kjell-vidars-puff-den-lille-dragen\/#article","isPartOf":{"@id":"https:\/\/ente.nu\/no\/blogg-no\/sangtekst-for-kjell-vidars-puff-den-lille-dragen\/"},"author":{"name":"Jimmy Lindgren","@id":"https:\/\/ente.nu\/fi\/#\/schema\/person\/9fc7fcd6def8b7b6b5d0782ed2ba334a"},"headline":"Sangtekst for Kjell Vidars &laquo;Puff, den lille dragen&raquo;","datePublished":"2023-09-03T08:51:45+00:00","dateModified":"2023-09-21T08:52:01+00:00","mainEntityOfPage":{"@id":"https:\/\/ente.nu\/no\/blogg-no\/sangtekst-for-kjell-vidars-puff-den-lille-dragen\/"},"wordCount":43,"commentCount":0,"articleSection":["Blogg"],"inLanguage":"nb-NO","potentialAction":[{"@type":"CommentAction","name":"Comment","target":["https:\/\/ente.nu\/no\/blogg-no\/sangtekst-for-kjell-vidars-puff-den-lille-dragen\/#respond"]}]},{"@type":"WebPage","@id":"https:\/\/ente.nu\/no\/blogg-no\/sangtekst-for-kjell-vidars-puff-den-lille-dragen\/","url":"https:\/\/ente.nu\/no\/blogg-no\/sangtekst-for-kjell-vidars-puff-den-lille-dragen\/","name":"Sangtekst for Kjell Vidars \"Puff, den lille dragen\" - Ente","isPartOf":{"@id":"https:\/\/ente.nu\/fi\/#website"},"datePublished":"2023-09-03T08:51:45+00:00","dateModified":"2023-09-21T08:52:01+00:00","author":{"@id":"https:\/\/ente.nu\/fi\/#\/schema\/person\/9fc7fcd6def8b7b6b5d0782ed2ba334a"},"breadcrumb":{"@id":"https:\/\/ente.nu\/no\/blogg-no\/sangtekst-for-kjell-vidars-puff-den-lille-dragen\/#breadcrumb"},"inLanguage":"nb-NO","potentialAction":[{"@type":"ReadAction","target":["https:\/\/ente.nu\/no\/blogg-no\/sangtekst-for-kjell-vidars-puff-den-lille-dragen\/"]}]},{"@type":"BreadcrumbList","@id":"https:\/\/ente.nu\/no\/blogg-no\/sangtekst-for-kjell-vidars-puff-den-lille-dragen\/#breadcrumb","itemListElement":[{"@type":"ListItem","position":1,"name":"Hem","item":"https:\/\/ente.nu\/no\/nyheter-i-igaming-casino-verdenen\/"},{"@type":"ListItem","position":2,"name":"Sangtekst for Kjell Vidars &laquo;Puff, den lille dragen&raquo;"}]},{"@type":"WebSite","@id":"https:\/\/ente.nu\/fi\/#website","url":"https:\/\/ente.nu\/fi\/","name":"Ente","description":"","potentialAction":[{"@type":"SearchAction","target":{"@type":"EntryPoint","urlTemplate":"https:\/\/ente.nu\/fi\/?s={search_term_string}"},"query-input":{"@type":"PropertyValueSpecification","valueRequired":true,"valueName":"search_term_string"}}],"inLanguage":"nb-NO"},{"@type":"Person","@id":"https:\/\/ente.nu\/fi\/#\/schema\/person\/9fc7fcd6def8b7b6b5d0782ed2ba334a","name":"Jimmy Lindgren","image":{"@type":"ImageObject","inLanguage":"nb-NO","@id":"https:\/\/secure.gravatar.com\/avatar\/a94ed623061869cbd8aa4e305e7fda620d18ffd612bc94c7864803e0a6ae4501?s=96&d=mm&r=g","url":"https:\/\/secure.gravatar.com\/avatar\/a94ed623061869cbd8aa4e305e7fda620d18ffd612bc94c7864803e0a6ae4501?s=96&d=mm&r=g","contentUrl":"https:\/\/secure.gravatar.com\/avatar\/a94ed623061869cbd8aa4e305e7fda620d18ffd612bc94c7864803e0a6ae4501?s=96&d=mm&r=g","caption":"Jimmy Lindgren"},"sameAs":["http:\/\/ente.nu"],"url":"https:\/\/ente.nu\/no\/author\/ente\/"}]}},"_links":{"self":[{"href":"https:\/\/ente.nu\/no\/wp-json\/wp\/v2\/posts\/460655","targetHints":{"allow":["GET"]}}],"collection":[{"href":"https:\/\/ente.nu\/no\/wp-json\/wp\/v2\/posts"}],"about":[{"href":"https:\/\/ente.nu\/no\/wp-json\/wp\/v2\/types\/post"}],"author":[{"embeddable":true,"href":"https:\/\/ente.nu\/no\/wp-json\/wp\/v2\/users\/1"}],"replies":[{"embeddable":true,"href":"https:\/\/ente.nu\/no\/wp-json\/wp\/v2\/comments?post=460655"}],"version-history":[{"count":1,"href":"https:\/\/ente.nu\/no\/wp-json\/wp\/v2\/posts\/460655\/revisions"}],"predecessor-version":[{"id":460656,"href":"https:\/\/ente.nu\/no\/wp-json\/wp\/v2\/posts\/460655\/revisions\/460656"}],"wp:attachment":[{"href":"https:\/\/ente.nu\/no\/wp-json\/wp\/v2\/media?parent=460655"}],"wp:term":[{"taxonomy":"category","embeddable":true,"href":"https:\/\/ente.nu\/no\/wp-json\/wp\/v2\/categories?post=460655"},{"taxonomy":"post_tag","embeddable":true,"href":"https:\/\/ente.nu\/no\/wp-json\/wp\/v2\/tags?post=460655"}],"curies":[{"name":"wp","href":"https:\/\/api.w.org\/{rel}","templated":true}]}}